{"id":7123,"date":"2020-07-03T18:55:32","date_gmt":"2020-07-03T21:55:32","guid":{"rendered":"https:\/\/remotatec.com.br\/?p=7123"},"modified":"2022-02-14T19:04:01","modified_gmt":"2022-02-14T22:04:01","slug":"o-ciclone-extratropical-e-a-importancia-da-comunicacao-critica","status":"publish","type":"post","link":"https:\/\/www.remotatec.com.br\/en\/o-ciclone-extratropical-e-a-importancia-da-comunicacao-critica\/","title":{"rendered":"O Ciclone Extratropical e a Import\u00e2ncia da Comunica\u00e7\u00e3o Cr\u00edtica"},"content":{"rendered":"<p><\/p>\n\n\n\n<h2 class=\"wp-block-heading\" id=\"eventos-como-o-ciclone-extratropical-que-afetou-a-regiao-sul-do-brasil-poe-a-prova-a-eficacia-de-sistemas-de-comunicacao-critica\">Eventos como o ciclone extratropical que afetou a regi\u00e3o sul do Brasil p\u00f5e \u00e0 prova a efic\u00e1cia de sistemas de comunica\u00e7\u00e3o cr\u00edtica.<\/h2>\n\n\n\n<p>O final do m\u00eas de junho de 2020 ficou marcado pela passagem do ciclone extratropical que deixou um rastro de destrui\u00e7\u00e3o e mortes no sul do Brasil, com ventos de at\u00e9 120 km\/h.<\/p>\n\n\n\n<p>Como \u00e9 comum em eventos como esse, \u00e1rvores, postes e placas ca\u00edram sobre a rede el\u00e9trica e provocaram problemas graves no sistema de energia e de telecomunica\u00e7\u00e3o. Os ventos fortes romperam os cabos de fibra \u00f3tica das empresas de telecomunica\u00e7\u00f5es, dificultando as comunica\u00e7\u00f5es.<\/p>\n\n\n\n<div style=\"height:40px\" aria-hidden=\"true\" class=\"wp-block-spacer\"><\/div>\n\n\n\n<figure class=\"wp-block-image size-full\"><img fetchpriority=\"high\" decoding=\"async\" width=\"850\" height=\"400\" src=\"https:\/\/remotatec.com.br\/wp-content\/uploads\/2022\/02\/cicl1.jpg\" alt=\"\" class=\"wp-image-7125\" srcset=\"https:\/\/www.remotatec.com.br\/wp-content\/uploads\/2022\/02\/cicl1.jpg 850w, https:\/\/www.remotatec.com.br\/wp-content\/uploads\/2022\/02\/cicl1-300x141.jpg 300w, https:\/\/www.remotatec.com.br\/wp-content\/uploads\/2022\/02\/cicl1-768x361.jpg 768w, https:\/\/www.remotatec.com.br\/wp-content\/uploads\/2022\/02\/cicl1-18x8.jpg 18w\" sizes=\"(max-width: 850px) 100vw, 850px\" \/><figcaption>Torre Embratel derrubada pelos ventos fortes na cidades de Brusque. <\/figcaption><\/figure>\n\n\n\n<div style=\"height:40px\" aria-hidden=\"true\" class=\"wp-block-spacer\"><\/div>\n\n\n\n<h3 class=\"wp-block-heading\" id=\"comunicacao-critica\">Comunica\u00e7\u00e3o Cr\u00edtica<\/h3>\n\n\n\n<p>Em momentos como esse, ter um sistema de comunica\u00e7\u00e3o pr\u00f3prio \u00e9 essencial, especialmente para corpora\u00e7\u00f5es e empresas que atuam em miss\u00e3o cr\u00edtica, como \u00e9 o caso da Pol\u00edcia Militar de Santa Catarina, do Paran\u00e1 e Companhias de Energia El\u00e9trica, que utilizam tecnologia Remotatec para integrar e gerenciar sua comunica\u00e7\u00e3o cr\u00edtica.<\/p>\n\n\n\n<p>\u00c9 importante que este sistema integre todas as tecnologias como r\u00e1dio, telefonia, dados m\u00f3veis etc. No entanto, a sua estrutura precisa operar em redund\u00e2ncia, ou seja, quando um meio de comunica\u00e7\u00e3o \u00e9 afetado, o sistema deve operar com outra tecnologia.&nbsp;<\/p>\n\n\n\n<div style=\"height:40px\" aria-hidden=\"true\" class=\"wp-block-spacer\"><\/div>\n\n\n\n<figure class=\"wp-block-image size-full\"><img decoding=\"async\" width=\"850\" height=\"400\" src=\"https:\/\/remotatec.com.br\/wp-content\/uploads\/2022\/02\/cicl3.jpg\" alt=\"\" class=\"wp-image-7126\" srcset=\"https:\/\/www.remotatec.com.br\/wp-content\/uploads\/2022\/02\/cicl3.jpg 850w, https:\/\/www.remotatec.com.br\/wp-content\/uploads\/2022\/02\/cicl3-300x141.jpg 300w, https:\/\/www.remotatec.com.br\/wp-content\/uploads\/2022\/02\/cicl3-768x361.jpg 768w, https:\/\/www.remotatec.com.br\/wp-content\/uploads\/2022\/02\/cicl3-18x8.jpg 18w\" sizes=\"(max-width: 850px) 100vw, 850px\" \/><figcaption>RemotaTec auxiliando a comunica\u00e7\u00e3o durante os momentos mais cr\u00edticos. <\/figcaption><\/figure>\n\n\n\n<div style=\"height:40px\" aria-hidden=\"true\" class=\"wp-block-spacer\"><\/div>\n\n\n\n<p>T\u00e3o importante quanto a tecnologia utilizada na comunica\u00e7\u00e3o cr\u00edtica, o suporte da equipe t\u00e9cnica e desenvolvedora \u00e9 essencial para o \u00eaxito da miss\u00e3o. A Remotatec esteve junto de todos os seus clientes antes, durante e depois da cat\u00e1strofe. Entendemos que as situa\u00e7\u00f5es reais podem gerar desafios n\u00e3o esperados, por isso a miss\u00e3o dos nossos clientes tamb\u00e9m \u00e9 nossa, e atuamos juntos para oferecer solu\u00e7\u00f5es com dinamismo e efici\u00eancia.<\/p>\n\n\n\n<div style=\"height:40px\" aria-hidden=\"true\" class=\"wp-block-spacer\"><\/div>\n\n\n\n<h3 class=\"wp-block-heading\" id=\"testado-e-aprovado\">Testado e Aprovado<\/h3>\n\n\n\n<p>O sistema de comunica\u00e7\u00e3o Remotatec mais uma vez passou pelo teste e suportou com louvor a passagem de um ciclone. Mas n\u00e3o paramos por aqui. Crises como estas revelam a todos a necessidade de evoluir sempre e investir cada vez mais em tecnologia e estrutura para miss\u00e3o cr\u00edtica. Esperamos que ciclones como esse n\u00e3o se repitam, mas caso novos eventos aconte\u00e7am, a Remotatec estar\u00e1 preparada para atender de todas as formas poss\u00edveis.<\/p>\n\n\n\n<div style=\"height:40px\" aria-hidden=\"true\" class=\"wp-block-spacer\"><\/div>\n\n\n\n<div class=\"wp-block-image\"><figure class=\"aligncenter size-full\"><img decoding=\"async\" width=\"700\" height=\"488\" src=\"https:\/\/remotatec.com.br\/wp-content\/uploads\/2022\/02\/cta-ciclone.jpg\" alt=\"\" class=\"wp-image-7127\" srcset=\"https:\/\/www.remotatec.com.br\/wp-content\/uploads\/2022\/02\/cta-ciclone.jpg 700w, https:\/\/www.remotatec.com.br\/wp-content\/uploads\/2022\/02\/cta-ciclone-300x209.jpg 300w, https:\/\/www.remotatec.com.br\/wp-content\/uploads\/2022\/02\/cta-ciclone-18x12.jpg 18w\" sizes=\"(max-width: 700px) 100vw, 700px\" \/><\/figure><\/div>\n\n\n\n<p><\/p>","protected":false},"excerpt":{"rendered":"<p>Eventos como o ciclone extratropical que afetou a regi\u00e3o sul do Brasil p\u00f5e \u00e0 prova a efic\u00e1cia de sistemas de comunica\u00e7\u00e3o cr\u00edtica.<\/p>","protected":false},"author":4,"featured_media":7124,"comment_status":"closed","ping_status":"closed","sticky":false,"template":"","format":"standard","meta":{"footnotes":""},"categories":[7],"tags":[],"class_list":["post-7123","post","type-post","status-publish","format-standard","has-post-thumbnail","hentry","category-artigos"],"yoast_head":"<!-- This site is optimized with the Yoast SEO plugin v27.5 - https:\/\/yoast.com\/product\/yoast-seo-wordpress\/ -->\n<title>O Ciclone Extratropical e a Import\u00e2ncia da Comunica\u00e7\u00e3o Cr\u00edtica - REMOTATEC\u00ae<\/title>\n<meta name=\"robots\" content=\"index, follow, max-snippet:-1, max-image-preview:large, max-video-preview:-1\" \/>\n<link rel=\"canonical\" href=\"https:\/\/www.remotatec.com.br\/en\/o-ciclone-extratropical-e-a-importancia-da-comunicacao-critica\/\" \/>\n<meta property=\"og:locale\" content=\"en_US\" \/>\n<meta property=\"og:type\" content=\"article\" \/>\n<meta property=\"og:title\" content=\"O Ciclone Extratropical e a Import\u00e2ncia da Comunica\u00e7\u00e3o Cr\u00edtica - REMOTATEC\u00ae\" \/>\n<meta property=\"og:description\" content=\"Eventos como o ciclone extratropical que afetou a regi\u00e3o sul do Brasil p\u00f5e \u00e0 prova a efic\u00e1cia de sistemas de comunica\u00e7\u00e3o cr\u00edtica.\" \/>\n<meta property=\"og:url\" content=\"https:\/\/www.remotatec.com.br\/en\/o-ciclone-extratropical-e-a-importancia-da-comunicacao-critica\/\" \/>\n<meta property=\"og:site_name\" content=\"REMOTATEC\u00ae\" \/>\n<meta property=\"article:published_time\" content=\"2020-07-03T21:55:32+00:00\" \/>\n<meta property=\"article:modified_time\" content=\"2022-02-14T22:04:01+00:00\" \/>\n<meta property=\"og:image\" content=\"https:\/\/www.remotatec.com.br\/wp-content\/uploads\/2022\/02\/ciclone-cover.jpg\" \/>\n\t<meta property=\"og:image:width\" content=\"847\" \/>\n\t<meta property=\"og:image:height\" content=\"440\" \/>\n\t<meta property=\"og:image:type\" content=\"image\/jpeg\" \/>\n<meta name=\"author\" content=\"REMOTATEC\u00ae Tecnologia em Comunica\u00e7\u00e3o\" \/>\n<meta name=\"twitter:card\" content=\"summary_large_image\" \/>\n<meta name=\"twitter:label1\" content=\"Written by\" \/>\n\t<meta name=\"twitter:data1\" content=\"REMOTATEC\u00ae Tecnologia em Comunica\u00e7\u00e3o\" \/>\n\t<meta name=\"twitter:label2\" content=\"Est. reading time\" \/>\n\t<meta name=\"twitter:data2\" content=\"3 minutes\" \/>\n<script type=\"application\/ld+json\" class=\"yoast-schema-graph\">{\"@context\":\"https:\\\/\\\/schema.org\",\"@graph\":[{\"@type\":\"Article\",\"@id\":\"https:\\\/\\\/www.remotatec.com.br\\\/br\\\/o-ciclone-extratropical-e-a-importancia-da-comunicacao-critica\\\/#article\",\"isPartOf\":{\"@id\":\"https:\\\/\\\/www.remotatec.com.br\\\/br\\\/o-ciclone-extratropical-e-a-importancia-da-comunicacao-critica\\\/\"},\"author\":{\"name\":\"REMOTATEC\u00ae Tecnologia em Comunica\u00e7\u00e3o\",\"@id\":\"https:\\\/\\\/www.remotatec.com.br\\\/br\\\/#\\\/schema\\\/person\\\/dad67607572530d201639a0c908f1f2e\"},\"headline\":\"O Ciclone Extratropical e a Import\u00e2ncia da Comunica\u00e7\u00e3o Cr\u00edtica\",\"datePublished\":\"2020-07-03T21:55:32+00:00\",\"dateModified\":\"2022-02-14T22:04:01+00:00\",\"mainEntityOfPage\":{\"@id\":\"https:\\\/\\\/www.remotatec.com.br\\\/br\\\/o-ciclone-extratropical-e-a-importancia-da-comunicacao-critica\\\/\"},\"wordCount\":404,\"publisher\":{\"@id\":\"https:\\\/\\\/www.remotatec.com.br\\\/br\\\/#organization\"},\"image\":{\"@id\":\"https:\\\/\\\/www.remotatec.com.br\\\/br\\\/o-ciclone-extratropical-e-a-importancia-da-comunicacao-critica\\\/#primaryimage\"},\"thumbnailUrl\":\"https:\\\/\\\/www.remotatec.com.br\\\/wp-content\\\/uploads\\\/2022\\\/02\\\/ciclone-cover.jpg\",\"articleSection\":[\"Artigos\"],\"inLanguage\":\"en-US\"},{\"@type\":\"WebPage\",\"@id\":\"https:\\\/\\\/www.remotatec.com.br\\\/br\\\/o-ciclone-extratropical-e-a-importancia-da-comunicacao-critica\\\/\",\"url\":\"https:\\\/\\\/www.remotatec.com.br\\\/br\\\/o-ciclone-extratropical-e-a-importancia-da-comunicacao-critica\\\/\",\"name\":\"O Ciclone Extratropical e a Import\u00e2ncia da Comunica\u00e7\u00e3o Cr\u00edtica - REMOTATEC\u00ae\",\"isPartOf\":{\"@id\":\"https:\\\/\\\/www.remotatec.com.br\\\/br\\\/#website\"},\"primaryImageOfPage\":{\"@id\":\"https:\\\/\\\/www.remotatec.com.br\\\/br\\\/o-ciclone-extratropical-e-a-importancia-da-comunicacao-critica\\\/#primaryimage\"},\"image\":{\"@id\":\"https:\\\/\\\/www.remotatec.com.br\\\/br\\\/o-ciclone-extratropical-e-a-importancia-da-comunicacao-critica\\\/#primaryimage\"},\"thumbnailUrl\":\"https:\\\/\\\/www.remotatec.com.br\\\/wp-content\\\/uploads\\\/2022\\\/02\\\/ciclone-cover.jpg\",\"datePublished\":\"2020-07-03T21:55:32+00:00\",\"dateModified\":\"2022-02-14T22:04:01+00:00\",\"breadcrumb\":{\"@id\":\"https:\\\/\\\/www.remotatec.com.br\\\/br\\\/o-ciclone-extratropical-e-a-importancia-da-comunicacao-critica\\\/#breadcrumb\"},\"inLanguage\":\"en-US\",\"potentialAction\":[{\"@type\":\"ReadAction\",\"target\":[\"https:\\\/\\\/www.remotatec.com.br\\\/br\\\/o-ciclone-extratropical-e-a-importancia-da-comunicacao-critica\\\/\"]}]},{\"@type\":\"ImageObject\",\"inLanguage\":\"en-US\",\"@id\":\"https:\\\/\\\/www.remotatec.com.br\\\/br\\\/o-ciclone-extratropical-e-a-importancia-da-comunicacao-critica\\\/#primaryimage\",\"url\":\"https:\\\/\\\/www.remotatec.com.br\\\/wp-content\\\/uploads\\\/2022\\\/02\\\/ciclone-cover.jpg\",\"contentUrl\":\"https:\\\/\\\/www.remotatec.com.br\\\/wp-content\\\/uploads\\\/2022\\\/02\\\/ciclone-cover.jpg\",\"width\":847,\"height\":440},{\"@type\":\"BreadcrumbList\",\"@id\":\"https:\\\/\\\/www.remotatec.com.br\\\/br\\\/o-ciclone-extratropical-e-a-importancia-da-comunicacao-critica\\\/#breadcrumb\",\"itemListElement\":[{\"@type\":\"ListItem\",\"position\":1,\"name\":\"In\u00edcio\",\"item\":\"https:\\\/\\\/www.remotatec.com.br\\\/br\\\/\"},{\"@type\":\"ListItem\",\"position\":2,\"name\":\"O Ciclone Extratropical e a Import\u00e2ncia da Comunica\u00e7\u00e3o Cr\u00edtica\"}]},{\"@type\":\"WebSite\",\"@id\":\"https:\\\/\\\/www.remotatec.com.br\\\/br\\\/#website\",\"url\":\"https:\\\/\\\/www.remotatec.com.br\\\/br\\\/\",\"name\":\"REMOTATEC\u00ae\",\"description\":\"Tecnologia em Comunica\u00e7\u00e3o\",\"publisher\":{\"@id\":\"https:\\\/\\\/www.remotatec.com.br\\\/br\\\/#organization\"},\"potentialAction\":[{\"@type\":\"SearchAction\",\"target\":{\"@type\":\"EntryPoint\",\"urlTemplate\":\"https:\\\/\\\/www.remotatec.com.br\\\/br\\\/?s={search_term_string}\"},\"query-input\":{\"@type\":\"PropertyValueSpecification\",\"valueRequired\":true,\"valueName\":\"search_term_string\"}}],\"inLanguage\":\"en-US\"},{\"@type\":\"Organization\",\"@id\":\"https:\\\/\\\/www.remotatec.com.br\\\/br\\\/#organization\",\"name\":\"REMOTATEC\u00ae\",\"url\":\"https:\\\/\\\/www.remotatec.com.br\\\/br\\\/\",\"logo\":{\"@type\":\"ImageObject\",\"inLanguage\":\"en-US\",\"@id\":\"https:\\\/\\\/www.remotatec.com.br\\\/br\\\/#\\\/schema\\\/logo\\\/image\\\/\",\"url\":\"https:\\\/\\\/www.remotatec.com.br\\\/wp-content\\\/uploads\\\/2021\\\/12\\\/logo-remotatec.svg\",\"contentUrl\":\"https:\\\/\\\/www.remotatec.com.br\\\/wp-content\\\/uploads\\\/2021\\\/12\\\/logo-remotatec.svg\",\"width\":226.94999999999998863131622783839702606201171875,\"height\":39.530000000000001136868377216160297393798828125,\"caption\":\"REMOTATEC\u00ae\"},\"image\":{\"@id\":\"https:\\\/\\\/www.remotatec.com.br\\\/br\\\/#\\\/schema\\\/logo\\\/image\\\/\"},\"sameAs\":[\"https:\\\/\\\/www.linkedin.com\\\/company\\\/remotatec\\\/\",\"https:\\\/\\\/www.youtube.com\\\/channel\\\/UC4VaeFIp10CDSiGE2vdGizg\"]},{\"@type\":\"Person\",\"@id\":\"https:\\\/\\\/www.remotatec.com.br\\\/br\\\/#\\\/schema\\\/person\\\/dad67607572530d201639a0c908f1f2e\",\"name\":\"REMOTATEC\u00ae Tecnologia em Comunica\u00e7\u00e3o\"}]}<\/script>\n<!-- \/ Yoast SEO plugin. -->","yoast_head_json":{"title":"O Ciclone Extratropical e a Import\u00e2ncia da Comunica\u00e7\u00e3o Cr\u00edtica - REMOTATEC\u00ae","robots":{"index":"index","follow":"follow","max-snippet":"max-snippet:-1","max-image-preview":"max-image-preview:large","max-video-preview":"max-video-preview:-1"},"canonical":"https:\/\/www.remotatec.com.br\/en\/o-ciclone-extratropical-e-a-importancia-da-comunicacao-critica\/","og_locale":"en_US","og_type":"article","og_title":"O Ciclone Extratropical e a Import\u00e2ncia da Comunica\u00e7\u00e3o Cr\u00edtica - REMOTATEC\u00ae","og_description":"Eventos como o ciclone extratropical que afetou a regi\u00e3o sul do Brasil p\u00f5e \u00e0 prova a efic\u00e1cia de sistemas de comunica\u00e7\u00e3o cr\u00edtica.","og_url":"https:\/\/www.remotatec.com.br\/en\/o-ciclone-extratropical-e-a-importancia-da-comunicacao-critica\/","og_site_name":"REMOTATEC\u00ae","article_published_time":"2020-07-03T21:55:32+00:00","article_modified_time":"2022-02-14T22:04:01+00:00","og_image":[{"width":847,"height":440,"url":"https:\/\/www.remotatec.com.br\/wp-content\/uploads\/2022\/02\/ciclone-cover.jpg","type":"image\/jpeg"}],"author":"REMOTATEC\u00ae Tecnologia em Comunica\u00e7\u00e3o","twitter_card":"summary_large_image","twitter_misc":{"Written by":"REMOTATEC\u00ae Tecnologia em Comunica\u00e7\u00e3o","Est. reading time":"3 minutes"},"schema":{"@context":"https:\/\/schema.org","@graph":[{"@type":"Article","@id":"https:\/\/www.remotatec.com.br\/br\/o-ciclone-extratropical-e-a-importancia-da-comunicacao-critica\/#article","isPartOf":{"@id":"https:\/\/www.remotatec.com.br\/br\/o-ciclone-extratropical-e-a-importancia-da-comunicacao-critica\/"},"author":{"name":"REMOTATEC\u00ae Tecnologia em Comunica\u00e7\u00e3o","@id":"https:\/\/www.remotatec.com.br\/br\/#\/schema\/person\/dad67607572530d201639a0c908f1f2e"},"headline":"O Ciclone Extratropical e a Import\u00e2ncia da Comunica\u00e7\u00e3o Cr\u00edtica","datePublished":"2020-07-03T21:55:32+00:00","dateModified":"2022-02-14T22:04:01+00:00","mainEntityOfPage":{"@id":"https:\/\/www.remotatec.com.br\/br\/o-ciclone-extratropical-e-a-importancia-da-comunicacao-critica\/"},"wordCount":404,"publisher":{"@id":"https:\/\/www.remotatec.com.br\/br\/#organization"},"image":{"@id":"https:\/\/www.remotatec.com.br\/br\/o-ciclone-extratropical-e-a-importancia-da-comunicacao-critica\/#primaryimage"},"thumbnailUrl":"https:\/\/www.remotatec.com.br\/wp-content\/uploads\/2022\/02\/ciclone-cover.jpg","articleSection":["Artigos"],"inLanguage":"en-US"},{"@type":"WebPage","@id":"https:\/\/www.remotatec.com.br\/br\/o-ciclone-extratropical-e-a-importancia-da-comunicacao-critica\/","url":"https:\/\/www.remotatec.com.br\/br\/o-ciclone-extratropical-e-a-importancia-da-comunicacao-critica\/","name":"O Ciclone Extratropical e a Import\u00e2ncia da Comunica\u00e7\u00e3o Cr\u00edtica - REMOTATEC\u00ae","isPartOf":{"@id":"https:\/\/www.remotatec.com.br\/br\/#website"},"primaryImageOfPage":{"@id":"https:\/\/www.remotatec.com.br\/br\/o-ciclone-extratropical-e-a-importancia-da-comunicacao-critica\/#primaryimage"},"image":{"@id":"https:\/\/www.remotatec.com.br\/br\/o-ciclone-extratropical-e-a-importancia-da-comunicacao-critica\/#primaryimage"},"thumbnailUrl":"https:\/\/www.remotatec.com.br\/wp-content\/uploads\/2022\/02\/ciclone-cover.jpg","datePublished":"2020-07-03T21:55:32+00:00","dateModified":"2022-02-14T22:04:01+00:00","breadcrumb":{"@id":"https:\/\/www.remotatec.com.br\/br\/o-ciclone-extratropical-e-a-importancia-da-comunicacao-critica\/#breadcrumb"},"inLanguage":"en-US","potentialAction":[{"@type":"ReadAction","target":["https:\/\/www.remotatec.com.br\/br\/o-ciclone-extratropical-e-a-importancia-da-comunicacao-critica\/"]}]},{"@type":"ImageObject","inLanguage":"en-US","@id":"https:\/\/www.remotatec.com.br\/br\/o-ciclone-extratropical-e-a-importancia-da-comunicacao-critica\/#primaryimage","url":"https:\/\/www.remotatec.com.br\/wp-content\/uploads\/2022\/02\/ciclone-cover.jpg","contentUrl":"https:\/\/www.remotatec.com.br\/wp-content\/uploads\/2022\/02\/ciclone-cover.jpg","width":847,"height":440},{"@type":"BreadcrumbList","@id":"https:\/\/www.remotatec.com.br\/br\/o-ciclone-extratropical-e-a-importancia-da-comunicacao-critica\/#breadcrumb","itemListElement":[{"@type":"ListItem","position":1,"name":"In\u00edcio","item":"https:\/\/www.remotatec.com.br\/br\/"},{"@type":"ListItem","position":2,"name":"O Ciclone Extratropical e a Import\u00e2ncia da Comunica\u00e7\u00e3o Cr\u00edtica"}]},{"@type":"WebSite","@id":"https:\/\/www.remotatec.com.br\/br\/#website","url":"https:\/\/www.remotatec.com.br\/br\/","name":"REMOTATEC\u00ae","description":"Tecnologia em Comunica\u00e7\u00e3o","publisher":{"@id":"https:\/\/www.remotatec.com.br\/br\/#organization"},"potentialAction":[{"@type":"SearchAction","target":{"@type":"EntryPoint","urlTemplate":"https:\/\/www.remotatec.com.br\/br\/?s={search_term_string}"},"query-input":{"@type":"PropertyValueSpecification","valueRequired":true,"valueName":"search_term_string"}}],"inLanguage":"en-US"},{"@type":"Organization","@id":"https:\/\/www.remotatec.com.br\/br\/#organization","name":"REMOTATEC\u00ae","url":"https:\/\/www.remotatec.com.br\/br\/","logo":{"@type":"ImageObject","inLanguage":"en-US","@id":"https:\/\/www.remotatec.com.br\/br\/#\/schema\/logo\/image\/","url":"https:\/\/www.remotatec.com.br\/wp-content\/uploads\/2021\/12\/logo-remotatec.svg","contentUrl":"https:\/\/www.remotatec.com.br\/wp-content\/uploads\/2021\/12\/logo-remotatec.svg","width":226.94999999999998863131622783839702606201171875,"height":39.530000000000001136868377216160297393798828125,"caption":"REMOTATEC\u00ae"},"image":{"@id":"https:\/\/www.remotatec.com.br\/br\/#\/schema\/logo\/image\/"},"sameAs":["https:\/\/www.linkedin.com\/company\/remotatec\/","https:\/\/www.youtube.com\/channel\/UC4VaeFIp10CDSiGE2vdGizg"]},{"@type":"Person","@id":"https:\/\/www.remotatec.com.br\/br\/#\/schema\/person\/dad67607572530d201639a0c908f1f2e","name":"REMOTATEC\u00ae Tecnologia em Comunica\u00e7\u00e3o"}]}},"_links":{"self":[{"href":"https:\/\/www.remotatec.com.br\/en\/wp-json\/wp\/v2\/posts\/7123","targetHints":{"allow":["GET"]}}],"collection":[{"href":"https:\/\/www.remotatec.com.br\/en\/wp-json\/wp\/v2\/posts"}],"about":[{"href":"https:\/\/www.remotatec.com.br\/en\/wp-json\/wp\/v2\/types\/post"}],"author":[{"embeddable":true,"href":"https:\/\/www.remotatec.com.br\/en\/wp-json\/wp\/v2\/users\/4"}],"replies":[{"embeddable":true,"href":"https:\/\/www.remotatec.com.br\/en\/wp-json\/wp\/v2\/comments?post=7123"}],"version-history":[{"count":0,"href":"https:\/\/www.remotatec.com.br\/en\/wp-json\/wp\/v2\/posts\/7123\/revisions"}],"wp:featuredmedia":[{"embeddable":true,"href":"https:\/\/www.remotatec.com.br\/en\/wp-json\/wp\/v2\/media\/7124"}],"wp:attachment":[{"href":"https:\/\/www.remotatec.com.br\/en\/wp-json\/wp\/v2\/media?parent=7123"}],"wp:term":[{"taxonomy":"category","embeddable":true,"href":"https:\/\/www.remotatec.com.br\/en\/wp-json\/wp\/v2\/categories?post=7123"},{"taxonomy":"post_tag","embeddable":true,"href":"https:\/\/www.remotatec.com.br\/en\/wp-json\/wp\/v2\/tags?post=7123"}],"curies":[{"name":"wp","href":"https:\/\/api.w.org\/{rel}","templated":true}]}}